{"id":1248,"date":"2022-01-20T09:56:38","date_gmt":"2022-01-20T08:56:38","guid":{"rendered":"https:\/\/www.activpatrimonia.fr\/gespat\/?p=1248"},"modified":"2022-01-20T09:56:39","modified_gmt":"2022-01-20T08:56:39","slug":"ma-prime-renov-les-nouveautes-pour-2022","status":"publish","type":"post","link":"https:\/\/www.activpatrimonia.fr\/gespat\/index.php\/2022\/01\/20\/ma-prime-renov-les-nouveautes-pour-2022\/","title":{"rendered":"Ma Prime R\u00e9nov\u2019 : les nouveaut\u00e9s pour 2022"},"content":{"rendered":"\n<div id=\"ez-toc-container\" class=\"ez-toc-v2_0_81 counter-hierarchy ez-toc-counter ez-toc-grey ez-toc-container-direction\">\n<div class=\"ez-toc-title-container\">\n<p class=\"ez-toc-title\" style=\"cursor:inherit\">Table of Contents<\/p>\n<span class=\"ez-toc-title-toggle\"><a href=\"#\" class=\"ez-toc-pull-right ez-toc-btn ez-toc-btn-xs ez-toc-btn-default ez-toc-toggle\" aria-label=\"Toggle Table of Content\"><span class=\"ez-toc-js-icon-con\"><span class=\"\"><span class=\"eztoc-hide\" style=\"display:none;\">Toggle<\/span><span class=\"ez-toc-icon-toggle-span\"><svg style=\"fill: #999;color:#999\" xmlns=\"http:\/\/www.w3.org\/2000\/svg\" class=\"list-377408\" width=\"20px\" height=\"20px\" viewBox=\"0 0 24 24\" fill=\"none\"><path d=\"M6 6H4v2h2V6zm14 0H8v2h12V6zM4 11h2v2H4v-2zm16 0H8v2h12v-2zM4 16h2v2H4v-2zm16 0H8v2h12v-2z\" fill=\"currentColor\"><\/path><\/svg><svg style=\"fill: #999;color:#999\" class=\"arrow-unsorted-368013\" xmlns=\"http:\/\/www.w3.org\/2000\/svg\" width=\"10px\" height=\"10px\" viewBox=\"0 0 24 24\" version=\"1.2\" baseProfile=\"tiny\"><path d=\"M18.2 9.3l-6.2-6.3-6.2 6.3c-.2.2-.3.4-.3.7s.1.5.3.7c.2.2.4.3.7.3h11c.3 0 .5-.1.7-.3.2-.2.3-.5.3-.7s-.1-.5-.3-.7zM5.8 14.7l6.2 6.3 6.2-6.3c.2-.2.3-.5.3-.7s-.1-.5-.3-.7c-.2-.2-.4-.3-.7-.3h-11c-.3 0-.5.1-.7.3-.2.2-.3.5-.3.7s.1.5.3.7z\"\/><\/svg><\/span><\/span><\/span><\/a><\/span><\/div>\n<nav><ul class='ez-toc-list ez-toc-list-level-1 ' ><li class='ez-toc-page-1 ez-toc-heading-level-2'><a class=\"ez-toc-link ez-toc-heading-1\" href=\"https:\/\/www.activpatrimonia.fr\/gespat\/index.php\/2022\/01\/20\/ma-prime-renov-les-nouveautes-pour-2022\/#1_Ce_quil_faut_retenir\" >1.&nbsp;Ce qu&rsquo;il faut retenir<\/a><\/li><li class='ez-toc-page-1 ez-toc-heading-level-2'><a class=\"ez-toc-link ez-toc-heading-2\" href=\"https:\/\/www.activpatrimonia.fr\/gespat\/index.php\/2022\/01\/20\/ma-prime-renov-les-nouveautes-pour-2022\/#2_Consequences_pratiques\" >2.&nbsp;Cons\u00e9quences pratiques<\/a><ul class='ez-toc-list-level-3' ><li class='ez-toc-heading-level-3'><a class=\"ez-toc-link ez-toc-heading-3\" href=\"https:\/\/www.activpatrimonia.fr\/gespat\/index.php\/2022\/01\/20\/ma-prime-renov-les-nouveautes-pour-2022\/#21_Modification_des_conditions_deligibilite_des_logements\" >2.1.&nbsp;Modification des conditions d\u2019\u00e9ligibilit\u00e9 des logements<\/a><\/li><li class='ez-toc-page-1 ez-toc-heading-level-3'><a class=\"ez-toc-link ez-toc-heading-4\" href=\"https:\/\/www.activpatrimonia.fr\/gespat\/index.php\/2022\/01\/20\/ma-prime-renov-les-nouveautes-pour-2022\/#22_Assouplissement_des_delais_dachevement_des_travaux\" >2.2.&nbsp;Assouplissement des d\u00e9lais d\u2019ach\u00e8vement des travaux<\/a><\/li><li class='ez-toc-page-1 ez-toc-heading-level-3'><a class=\"ez-toc-link ez-toc-heading-5\" href=\"https:\/\/www.activpatrimonia.fr\/gespat\/index.php\/2022\/01\/20\/ma-prime-renov-les-nouveautes-pour-2022\/#23_Modification_du_montant_de_la_prime_pour_linstallation_de_foyers_fermes_ou_dinserts\" >2.3.&nbsp;Modification du montant de la prime pour l\u2019installation de foyers ferm\u00e9s ou d\u2019inserts<\/a><\/li><li class='ez-toc-page-1 ez-toc-heading-level-3'><a class=\"ez-toc-link ez-toc-heading-6\" href=\"https:\/\/www.activpatrimonia.fr\/gespat\/index.php\/2022\/01\/20\/ma-prime-renov-les-nouveautes-pour-2022\/#24_Revalorisation_des_plafonds_de_ressources\" >2.4.&nbsp;Revalorisation des plafonds de ressources<\/a><ul class='ez-toc-list-level-5' ><li class='ez-toc-heading-level-5'><ul class='ez-toc-list-level-5' ><li class='ez-toc-heading-level-5'><a class=\"ez-toc-link ez-toc-heading-7\" href=\"https:\/\/www.activpatrimonia.fr\/gespat\/index.php\/2022\/01\/20\/ma-prime-renov-les-nouveautes-pour-2022\/#Rappel\" >Rappel :<\/a><\/li><\/ul><\/li><\/ul><\/li><li class='ez-toc-page-1 ez-toc-heading-level-3'><a class=\"ez-toc-link ez-toc-heading-8\" href=\"https:\/\/www.activpatrimonia.fr\/gespat\/index.php\/2022\/01\/20\/ma-prime-renov-les-nouveautes-pour-2022\/#25_Mise_en_place_de_France_Renov\" >2.5.&nbsp;Mise en place de France R\u00e9nov&rsquo;<\/a><\/li><\/ul><\/li><\/ul><\/nav><\/div>\n<h2 class=\"wp-block-heading\"><span class=\"ez-toc-section\" id=\"1_Ce_quil_faut_retenir\"><\/span>1.&nbsp;Ce qu&rsquo;il faut retenir<span class=\"ez-toc-section-end\"><\/span><\/h2>\n\n\n\n<p>Un d\u00e9cret et un arr\u00eat\u00e9 am\u00e9nagent la Prime R\u00e9nov\u2019 \u00e0 compter du 1er janvier 2022 :&nbsp;<\/p>\n\n\n\n<ul class=\"wp-block-list\"><li>durcissement des conditions d&rsquo;anciennet\u00e9 et d&rsquo;affectation du logement,<\/li><li>obligation de louer le logement dans l&rsquo;ann\u00e9e suivant la r\u00e9alisation des travaux pour les bailleurs,<\/li><li>assouplissement des d\u00e9lais d&rsquo;ach\u00e8vement des travaux,<\/li><li>augmentation du montant de la prime pour les inserts.<\/li><\/ul>\n\n\n\n<p>Par ailleurs, de nouveaux plafonds de ressources ont \u00e9t\u00e9 publi\u00e9s, et un nouveau site a \u00e9t\u00e9 mis en place pour faciliter les demandes de prime \u00e0 compter de 2022.<\/p>\n\n\n\n<p><a href=\"https:\/\/france-renov.gouv.fr\/\" target=\"_blank\" rel=\"noopener\">Page d&rsquo;accueil France Renov&rsquo; | France Renov&rsquo; (france-renov.gouv.fr)<\/a><\/p>\n\n\n\n<h2 class=\"wp-block-heading\"><span class=\"ez-toc-section\" id=\"2_Consequences_pratiques\"><\/span>2.&nbsp;Cons\u00e9quences pratiques<span class=\"ez-toc-section-end\"><\/span><\/h2>\n\n\n\n<h3 class=\"wp-block-heading\"><span class=\"ez-toc-section\" id=\"21_Modification_des_conditions_deligibilite_des_logements\"><\/span>2.1.&nbsp;Modification des conditions d\u2019\u00e9ligibilit\u00e9 des logements<span class=\"ez-toc-section-end\"><\/span><\/h3>\n\n\n\n<p>Conditions communes aux propri\u00e9taires occupants et bailleurs<\/p>\n\n\n\n<p>Depuis le 1<sup>er<\/sup>&nbsp;janvier 2022, les conditions d&rsquo;\u00e9ligibilit\u00e9 du logement \u00e0 la prime ont \u00e9t\u00e9 durcies. Le logement doit d\u00e9sormais :<\/p>\n\n\n\n<ul class=\"wp-block-list\"><li>\u00eatre occup\u00e9 au moins 8 mois par an (sauf obligation professionnelle, raison de sant\u00e9 affectant le b\u00e9n\u00e9ficiaire de la prime ou cas de force majeure) et non plus seulement 6 mois,<\/li><li>et \u00eatre achev\u00e9 depuis plus de 15 ans (au lieu de 2 ans auparavant).<\/li><\/ul>\n\n\n\n<p><a href=\"https:\/\/www.legifrance.gouv.fr\/jorf\/id\/JORFTEXT000044793433\" target=\"_blank\" rel=\"noopener\">D\u00e9cret n\u00b0 2021-1938 du 30 d\u00e9cembre 2021 modifiant le d\u00e9cret n\u00b0 2020-26 du 14 janvier 2020 modifi\u00e9 relatif \u00e0 la prime de transition \u00e9nerg\u00e9tique art. 1<\/a><\/p>\n\n\n\n<p>Par exception, le d\u00e9lai d&rsquo;ach\u00e8vement du logement est maintenu \u00e0 2 ans pour les demandes de primes pour remplacer une chaudi\u00e8re au fioul, \u00e0 condition qu&rsquo;elles soient accompagn\u00e9es d&rsquo;une demande de d\u00e9pose d&rsquo;une cuve \u00e0 fioul.<\/p>\n\n\n\n<p>Conditions propres aux propri\u00e9taires bailleurs<\/p>\n\n\n\n<p>Par ailleurs, les propri\u00e9taires bailleurs doivent s\u2019engager \u00e0 respecter un certain d\u00e9lai entre la date \u00e0 laquelle ils per\u00e7oivent le solde de la prime, et la mise en location \u00e0 titre de r\u00e9sidence principale de leur bien.<\/p>\n\n\n\n<p>Ce d\u00e9lai, initialement de 6 mois, est relev\u00e9 \u00e0 1 an \u00e0 compter du 1<sup>er<\/sup>&nbsp;janvier 2022.<\/p>\n\n\n\n<p><a href=\"https:\/\/www.legifrance.gouv.fr\/jorf\/id\/JORFTEXT000044793433\" target=\"_blank\" rel=\"noopener\">D\u00e9cret n\u00b0 2021-1938 du 30 d\u00e9cembre 2021 modifiant le d\u00e9cret n\u00b0 2020-26 du 14 janvier 2020 modifi\u00e9 relatif \u00e0 la prime de transition \u00e9nerg\u00e9tique art. 1<\/a><\/p>\n\n\n\n<h3 class=\"wp-block-heading\"><span class=\"ez-toc-section\" id=\"22_Assouplissement_des_delais_dachevement_des_travaux\"><\/span>2.2.&nbsp;Assouplissement des d\u00e9lais d\u2019ach\u00e8vement des travaux<span class=\"ez-toc-section-end\"><\/span><\/h3>\n\n\n\n<p>Un certain d\u00e9lai doit s\u00e9parer l&rsquo;ach\u00e8vement des travaux pour lesquels la prime a \u00e9t\u00e9 demand\u00e9e et la notification de la d\u00e9cision attributive de la prime. Ce d\u00e9lai, initialement fix\u00e9 \u00e0 1 an, est port\u00e9, depuis le 1<sup>er<\/sup>&nbsp;janvier 2022, \u00e0&nbsp;2 ans.<\/p>\n\n\n\n<p><a href=\"https:\/\/www.legifrance.gouv.fr\/jorf\/id\/JORFTEXT000044793433\" target=\"_blank\" rel=\"noopener\">D\u00e9cret n\u00b0 2021-1938 du 30 d\u00e9cembre 2021 modifiant le d\u00e9cret n\u00b0 2020-26 du 14 janvier 2020 modifi\u00e9 relatif \u00e0 la prime de transition \u00e9nerg\u00e9tique art. 1<\/a><\/p>\n\n\n\n<p>Par ailleurs, le d\u00e9lai suppl\u00e9mentaire qui peut \u00eatre accord\u00e9 pour achever ces travaux en cas de force majeure (circonstances ext\u00e9rieures \u00e0 la volont\u00e9 du contribuable retardant l&rsquo;ach\u00e8vement des travaux :&nbsp; motif familial, professionnel, de sant\u00e9, d\u00e9faillance de l&rsquo;entreprise, difficult\u00e9s financi\u00e8res ou de gestion rencontr\u00e9es par le syndicat des copropri\u00e9taires), est port\u00e9 de 6 mois \u00e0&nbsp;1 an maximum.<\/p>\n\n\n\n<p><a href=\"https:\/\/www.legifrance.gouv.fr\/jorf\/id\/JORFTEXT000044793433\" target=\"_blank\" rel=\"noopener\">D\u00e9cret n\u00b0 2021-1938 du 30 d\u00e9cembre 2021 modifiant le d\u00e9cret n\u00b0 2020-26 du 14 janvier 2020 modifi\u00e9 relatif \u00e0 la prime de transition \u00e9nerg\u00e9tique art. 1<\/a><\/p>\n\n\n\n<h3 class=\"wp-block-heading\"><span class=\"ez-toc-section\" id=\"23_Modification_du_montant_de_la_prime_pour_linstallation_de_foyers_fermes_ou_dinserts\"><\/span>2.3.&nbsp;Modification du montant de la prime pour l\u2019installation de foyers ferm\u00e9s ou d\u2019inserts<span class=\"ez-toc-section-end\"><\/span><\/h3>\n\n\n\n<p>Le montant de la prime pour l\u2019installation de foyers ferm\u00e9s ou d\u2019inserts, toutes couleurs confondues (bleu, jaune, violet), est augment\u00e9 de 200 \u20ac par rapport \u00e0 2021.<\/p>\n\n\n\n<p><a href=\"https:\/\/www.legifrance.gouv.fr\/jorf\/id\/JORFTEXT000044793470\" target=\"_blank\" rel=\"noopener\">Arr\u00eat\u00e9 du 30 d\u00e9cembre 2021 modifiant l&rsquo;arr\u00eat\u00e9 du 14 janvier 2020 modifi\u00e9 relatif \u00e0 la prime de transition \u00e9nerg\u00e9tique et l&rsquo;arr\u00eat\u00e9 du 17 novembre 2020 modifi\u00e9 relatif aux caract\u00e9ristiques techniques et modalit\u00e9s de r\u00e9alisation des travaux et prestations dont les d\u00e9penses sont \u00e9ligibles \u00e0 la prime de transition \u00e9nerg\u00e9tique&nbsp;<\/a><\/p>\n\n\n\n<p>Le montant des autres primes demeure inchang\u00e9 pour 2022.<\/p>\n\n\n\n<h3 class=\"wp-block-heading\"><span class=\"ez-toc-section\" id=\"24_Revalorisation_des_plafonds_de_ressources\"><\/span>2.4.&nbsp;Revalorisation des plafonds de ressources<span class=\"ez-toc-section-end\"><\/span><\/h3>\n\n\n\n<h5 class=\"wp-block-heading\"><span class=\"ez-toc-section\" id=\"Rappel\"><\/span>Rappel :<span class=\"ez-toc-section-end\"><\/span><\/h5>\n\n\n\n<p>Le montant forfaitaire de l\u2019aide est d\u00e9termin\u00e9 par rapport au montant du revenu fiscal de r\u00e9f\u00e9rence (RFR), figurant sur le dernier avis d&rsquo;imposition du demandeur de la prime (soit, pour 2022, son avis d&rsquo;imposition 2021 sur ses revenus 2020).<\/p>\n\n\n\n<p>Les plafonds de revenu applicables pour les primes violette et rose restent inchang\u00e9s pour 2022. En revanche, ils sont revaloris\u00e9s pour les primes bleue et jaune comme suit :<\/p>\n\n\n\n<p><strong>En Ile-de-France<\/strong><\/p>\n\n\n\n<p>Revenu fiscal de r\u00e9f\u00e9rence (RFR) maximum pour b\u00e9n\u00e9ficier de la prime de transition \u00e9nerg\u00e9tique en 2022<\/p>\n\n\n\n<figure class=\"wp-block-table\"><table><thead><tr><th><\/th><\/tr><\/thead><tbody><tr><td>Nombre de personnes composant le m\u00e9nage<\/td><td>MaPrimeR\u00e9nov&rsquo;<br>\u00a0<strong>Bleu<\/strong><br><em>M\u00e9nage \u00ab\u00a0tr\u00e8s modeste\u00a0\u00bb<\/em><\/td><td>MaPrimeR\u00e9nov&rsquo;<br>\u00a0<strong>Jaune<\/strong><br><em>M\u00e9nage \u00ab\u00a0modeste\u00a0\u00bb<\/em><\/td><td>MaPrimeR\u00e9nov&rsquo;<br>\u00a0<strong>Violet<\/strong><br><em>M\u00e9nage \u00ab\u00a0interm\u00e9diaire\u00a0\u00bb<\/em><\/td><td>MaPrimeR\u00e9nov&rsquo;<br>\u00a0<strong>Rose<\/strong><br><em>M\u00e9nage<\/em><br><em>\u00ab\u00a0ais\u00e9\u00a0\u00bb<\/em><\/td><\/tr><tr><td>1<\/td><td>21 123 \u20ac<\/td><td>25 714 \u20ac<\/td><td>38 184 \u20ac<\/td><td>&gt; \u00e0 38 185 \u20ac<\/td><\/tr><tr><td>2<\/td><td>31 003 \u20ac<\/td><td>37 739 \u20ac<\/td><td>56 130 \u20ac<\/td><td>&gt; \u00e0 56 131 \u20ac<\/td><\/tr><tr><td>3<\/td><td>37 232 \u20ac<\/td><td>45 326 \u20ac<\/td><td>67 585 \u20ac<\/td><td>&gt; \u00e0 67 586 \u20ac<\/td><\/tr><tr><td>4<\/td><td>43 472 \u20ac<\/td><td>52 929 \u20ac<\/td><td>79 041 \u20ac<\/td><td>&gt; \u00e0 79 042 \u20ac<\/td><\/tr><tr><td>5<\/td><td>49 736 \u20ac<\/td><td>60 546 \u20ac<\/td><td>90 496 \u20ac<\/td><td>&gt; \u00e0 90 497 \u20ac<\/td><\/tr><tr><td>par personne <br>suppl\u00e9mentaire<\/td><td>+ 6 253\u20ac<\/td><td>+ 7 613 \u20ac<\/td><td>+ 11 455 \u20ac<\/td><td>+ 11 455 \u20ac<\/td><\/tr><\/tbody><\/table><\/figure>\n\n\n\n<p><strong>En r\u00e9gion<\/strong><\/p>\n\n\n\n<p>Revenu fiscal de r\u00e9f\u00e9rence (RFR) maximum pour b\u00e9n\u00e9ficier de la prime de transition \u00e9nerg\u00e9tique en 2022<\/p>\n\n\n\n<figure class=\"wp-block-table\"><table><thead><tr><th><\/th><\/tr><\/thead><tbody><tr><td>Nombre de personnes composant le m\u00e9nage<\/td><td>MaPrimeR\u00e9nov&rsquo;<br>\u00a0<strong>Bleu<\/strong><br><em>M\u00e9nage \u00ab\u00a0tr\u00e8s modeste\u00a0\u00bb<\/em><\/td><td>MaPrimeR\u00e9nov&rsquo;<br>\u00a0<strong>Jaune<\/strong><br><em>M\u00e9nage \u00ab\u00a0modeste\u00a0\u00bb<\/em><\/td><td>MaPrimeR\u00e9nov&rsquo;<br>\u00a0<strong>Violet<\/strong><br><em>M\u00e9nage \u00ab\u00a0interm\u00e9diaire\u00a0\u00bb<\/em><\/td><td>MaPrimeR\u00e9nov&rsquo;<br>\u00a0<strong>Rose<\/strong><br><em>M\u00e9nage<\/em><br><em>\u00ab\u00a0ais\u00e9\u00a0\u00bb<\/em><\/td><\/tr><tr><td>1<\/td><td>15 262 \u20ac<\/td><td>19 565 \u20ac<\/td><td>&nbsp;29 148 \u20ac<\/td><td>&gt; \u00e0 29 148 \u20ac<\/td><\/tr><tr><td>2<\/td><td>22 320\u20ac<\/td><td>28 614 \u20ac<\/td><td>42 848 \u20ac<\/td><td>&gt; \u00e0 42 848 \u20ac<\/td><\/tr><tr><td>3<\/td><td>26 844 \u20ac<\/td><td>34 411 \u20ac<\/td><td>&nbsp;51 592 \u20ac<\/td><td>&gt; \u00e0 51 592 \u20ac<\/td><\/tr><tr><td>4<\/td><td>31 359 \u20ac<\/td><td>40 201 \u20ac<\/td><td>60 336 \u20ac<\/td><td>&gt; \u00e0 60 336 \u20ac<\/td><\/tr><tr><td>5<\/td><td>35 894 \u20ac<\/td><td>46 015 \u20ac<\/td><td>69 081 \u20ac<\/td><td>&gt; \u00e0 69 081 \u20ac<\/td><\/tr><tr><td>par personne<br>suppl\u00e9mentaire<\/td><td>+ 4 526 \u20ac<\/td><td>+ 5 797 \u20ac<\/td><td>+ 8 744 \u20ac<\/td><td>+ 8 744 \u20ac<\/td><\/tr><\/tbody><\/table><\/figure>\n\n\n\n<h3 class=\"wp-block-heading\"><span class=\"ez-toc-section\" id=\"25_Mise_en_place_de_France_Renov\"><\/span>2.5.&nbsp;Mise en place de France R\u00e9nov&rsquo;<span class=\"ez-toc-section-end\"><\/span><\/h3>\n\n\n\n<p>Jusqu&rsquo;au 31 d\u00e9cembre 2021, la Prime R\u00e9nov&rsquo; \u00e9tait g\u00e9r\u00e9e, pour le compte de l&rsquo;Etat, par l&rsquo;Agence nationale de l&rsquo;habitat (Anah).&nbsp;<\/p>\n\n\n\n<p>Dans une perspective de clarification et d\u2019harmonisation des d\u00e9marches administratives, la gestion de l\u2019ensemble des aides \u00e0 la r\u00e9novation \u00e9nerg\u00e9tique des logements des particuliers (dont la Prime R\u00e9nov\u2019) a \u00e9t\u00e9 remise, \u00e0 compter du 1<sup>er<\/sup>&nbsp;janvier 2022, entre les mains d\u2019un nouveau service public unique nomm\u00e9 \u00ab\u00a0France R\u00e9nov'\u00a0\u00bb (pilot\u00e9 par l&rsquo;Anah).<\/p>\n\n\n\n<p><a href=\"https:\/\/www.ecologie.gouv.fr\/emmanuelle-wargon-ministre-deleguee-au-logement-et-thierry-repentin-president-lanah-ouvrent-service\" target=\"_blank\" rel=\"noopener\">Communiqu\u00e9 de presse du 12 janv. 2022<\/a><\/p>\n\n\n\n<p><a href=\"https:\/\/www.ecologie.gouv.fr\/sites\/default\/files\/ANAH_DP_FRANCE-RENOV_DEF_HD_STDC_20220110.pdf\" target=\"_blank\" rel=\"noopener\">Dossier de presse&nbsp;<\/a><\/p>\n\n\n\n<p><a href=\"https:\/\/france-renov.gouv.fr\/\" target=\"_blank\" rel=\"noopener\">Page d&rsquo;accueil France Renov&rsquo; | France Renov&rsquo; (france-renov.gouv.fr)<\/a><\/p>\n\n\n\n<p>Ce service public est implant\u00e9 partout en France (450 guichets sont r\u00e9partis sur tout le territoire), et organis\u00e9 par les collectivit\u00e9s territoriales, pour une proximit\u00e9 accrue entre les contribuables et les conseillers.<\/p>\n\n\n\n<p>France R\u00e9nov&rsquo; est investi de plusieurs missions&nbsp;: conseiller, octroyer les aides, mettre en relation les contribuables avec des artisans qualifi\u00e9s RGE.&nbsp;<\/p>\n\n\n\n<p>Prochainement, une nouvelle mission lui incombera\u00a0: celle de mettre en relation les contribuables avec un \u00ab\u00a0accompagnateur R\u00e9nov\u2019\u00a0\u00bb. Les modalit\u00e9s de ce service seront d\u00e9voil\u00e9es au printemps 2022.\u00a0<\/p>\n\n\n\n<p><\/p>\n\n\n\n<p><\/p>\n","protected":false},"excerpt":{"rendered":"<p>1.&nbsp;Ce qu&rsquo;il faut retenir Un d\u00e9cret et un arr\u00eat\u00e9 am\u00e9nagent la Prime R\u00e9nov\u2019 \u00e0 compter du 1er janvier 2022 :&nbsp; durcissement des conditions d&rsquo;anciennet\u00e9 et d&rsquo;affectation du logement, obligation de louer le logement dans l&rsquo;ann\u00e9e suivant la r\u00e9alisation des travaux pour les bailleurs, assouplissement des d\u00e9lais d&rsquo;ach\u00e8vement des travaux, augmentation [&hellip;]<\/p>\n","protected":false},"author":1,"featured_media":0,"comment_status":"closed","ping_status":"closed","sticky":false,"template":"","format":"standard","meta":{"footnotes":""},"categories":[3,2],"tags":[21,34],"class_list":["post-1248","post","type-post","status-publish","format-standard","hentry","category-fiscalite-du-particulier","category-immobilier","tag-loi-de-finance","tag-maprimerenov"],"_links":{"self":[{"href":"https:\/\/www.activpatrimonia.fr\/gespat\/index.php\/wp-json\/wp\/v2\/posts\/1248","targetHints":{"allow":["GET"]}}],"collection":[{"href":"https:\/\/www.activpatrimonia.fr\/gespat\/index.php\/wp-json\/wp\/v2\/posts"}],"about":[{"href":"https:\/\/www.activpatrimonia.fr\/gespat\/index.php\/wp-json\/wp\/v2\/types\/post"}],"author":[{"embeddable":true,"href":"https:\/\/www.activpatrimonia.fr\/gespat\/index.php\/wp-json\/wp\/v2\/users\/1"}],"replies":[{"embeddable":true,"href":"https:\/\/www.activpatrimonia.fr\/gespat\/index.php\/wp-json\/wp\/v2\/comments?post=1248"}],"version-history":[{"count":3,"href":"https:\/\/www.activpatrimonia.fr\/gespat\/index.php\/wp-json\/wp\/v2\/posts\/1248\/revisions"}],"predecessor-version":[{"id":1251,"href":"https:\/\/www.activpatrimonia.fr\/gespat\/index.php\/wp-json\/wp\/v2\/posts\/1248\/revisions\/1251"}],"wp:attachment":[{"href":"https:\/\/www.activpatrimonia.fr\/gespat\/index.php\/wp-json\/wp\/v2\/media?parent=1248"}],"wp:term":[{"taxonomy":"category","embeddable":true,"href":"https:\/\/www.activpatrimonia.fr\/gespat\/index.php\/wp-json\/wp\/v2\/categories?post=1248"},{"taxonomy":"post_tag","embeddable":true,"href":"https:\/\/www.activpatrimonia.fr\/gespat\/index.php\/wp-json\/wp\/v2\/tags?post=1248"}],"curies":[{"name":"wp","href":"https:\/\/api.w.org\/{rel}","templated":true}]}}