{"id":1434,"date":"2022-04-28T10:08:34","date_gmt":"2022-04-28T09:08:34","guid":{"rendered":"https:\/\/www.activpatrimonia.fr\/gespat\/?p=1434"},"modified":"2022-04-28T10:08:35","modified_gmt":"2022-04-28T09:08:35","slug":"second-quinquennat-macron-ce-qui-devrait-changer","status":"publish","type":"post","link":"https:\/\/www.activpatrimonia.fr\/gespat\/index.php\/2022\/04\/28\/second-quinquennat-macron-ce-qui-devrait-changer\/","title":{"rendered":"Second quinquennat Macron : ce qui devrait changer\u00a0"},"content":{"rendered":"\n<p>Emmanuel Macron a \u00e9t\u00e9 r\u00e9\u00e9lu pr\u00e9sident de la R\u00e9publique ce dimanche 24 avril.<\/p>\n\n\n\n<p>Nous vous pr\u00e9sentons dans ce document \u00e0 t\u00e9l\u00e9charger les principales mesures annonc\u00e9es au sein de son programme pendant la campagne \u00e9lectorale de 2022.<\/p>\n\n\n\n<p>Les th\u00e8mes abord\u00e9s concernent :<\/p>\n\n\n\n<ul class=\"wp-block-list\"><li>Fiscalit\u00e9 sur les successions<\/li><li>Retraite<\/li><li>Imp\u00f4t sur le revenu<\/li><li>Triplement de la prime \u00ab\u00a0Macron\u00a0\u00bb et partage des profits obligatoire<\/li><li>\u00ab\u00a0Ma Prime Adapt'\u00a0\u00bb, la nouvelle aide pour adapter les logements au grand \u00e2ge<\/li><li>Versement des aides sociales \u00e0 la source<\/li><li>Suppression de la redevance t\u00e9l\u00e9visuelle et de la CVAE<\/li><\/ul>\n\n\n\n<p>Nous ne disposons pour le moment d\u2019aucun calendrier pour la plupart des r\u00e9formes envisag\u00e9es. La mise en oeuvre de ces mesuresd\u00e9pendra par ailleurs de la majorit\u00e9 obtenue ou non aux \u00e9lections l\u00e9gislatives.<\/p>\n\n\n\n<div data-wp-interactive=\"core\/file\" class=\"wp-block-file\"><object data-wp-bind--hidden=\"!state.hasPdfPreview\" hidden class=\"wp-block-file__embed\" data=\"https:\/\/www.activpatrimonia.fr\/gespat\/wp-content\/uploads\/2022\/04\/Second-quiquennat-Macron-ce-qui-devrait-changer.pdf\" type=\"application\/pdf\" style=\"width:100%;height:600px\" aria-label=\"Contenu embarqu\u00e9 Contenu embarqu\u00e9 Second-quiquennat-Macron-ce-qui-devrait-changer..\"><\/object><a id=\"wp-block-file--media-0921672d-d9d0-4839-ba85-9d469c80ccb3\" href=\"https:\/\/www.activpatrimonia.fr\/gespat\/wp-content\/uploads\/2022\/04\/Second-quiquennat-Macron-ce-qui-devrait-changer.pdf\">Second-quiquennat-Macron-ce-qui-devrait-changer<\/a><a href=\"https:\/\/www.activpatrimonia.fr\/gespat\/wp-content\/uploads\/2022\/04\/Second-quiquennat-Macron-ce-qui-devrait-changer.pdf\" class=\"wp-block-file__button\" download aria-describedby=\"wp-block-file--media-0921672d-d9d0-4839-ba85-9d469c80ccb3\">T\u00e9l\u00e9charger<\/a><\/div>\n","protected":false},"excerpt":{"rendered":"<p>Emmanuel Macron a \u00e9t\u00e9 r\u00e9\u00e9lu pr\u00e9sident de la R\u00e9publique ce dimanche 24 avril. Nous vous pr\u00e9sentons dans ce document \u00e0 t\u00e9l\u00e9charger les principales mesures annonc\u00e9es au sein de son programme pendant la campagne \u00e9lectorale de 2022. Les th\u00e8mes abord\u00e9s concernent : Fiscalit\u00e9 sur les successions Retraite Imp\u00f4t sur le revenu [&hellip;]<\/p>\n","protected":false},"author":1,"featured_media":0,"comment_status":"open","ping_status":"open","sticky":false,"template":"","format":"standard","meta":{"footnotes":""},"categories":[15,7,3,8,39],"tags":[],"class_list":["post-1434","post","type-post","status-publish","format-standard","hentry","category-divers","category-fiscalite-des-entreprises","category-fiscalite-du-particulier","category-retraite-et-prevoyance","category-succession"],"_links":{"self":[{"href":"https:\/\/www.activpatrimonia.fr\/gespat\/index.php\/wp-json\/wp\/v2\/posts\/1434","targetHints":{"allow":["GET"]}}],"collection":[{"href":"https:\/\/www.activpatrimonia.fr\/gespat\/index.php\/wp-json\/wp\/v2\/posts"}],"about":[{"href":"https:\/\/www.activpatrimonia.fr\/gespat\/index.php\/wp-json\/wp\/v2\/types\/post"}],"author":[{"embeddable":true,"href":"https:\/\/www.activpatrimonia.fr\/gespat\/index.php\/wp-json\/wp\/v2\/users\/1"}],"replies":[{"embeddable":true,"href":"https:\/\/www.activpatrimonia.fr\/gespat\/index.php\/wp-json\/wp\/v2\/comments?post=1434"}],"version-history":[{"count":1,"href":"https:\/\/www.activpatrimonia.fr\/gespat\/index.php\/wp-json\/wp\/v2\/posts\/1434\/revisions"}],"predecessor-version":[{"id":1437,"href":"https:\/\/www.activpatrimonia.fr\/gespat\/index.php\/wp-json\/wp\/v2\/posts\/1434\/revisions\/1437"}],"wp:attachment":[{"href":"https:\/\/www.activpatrimonia.fr\/gespat\/index.php\/wp-json\/wp\/v2\/media?parent=1434"}],"wp:term":[{"taxonomy":"category","embeddable":true,"href":"https:\/\/www.activpatrimonia.fr\/gespat\/index.php\/wp-json\/wp\/v2\/categories?post=1434"},{"taxonomy":"post_tag","embeddable":true,"href":"https:\/\/www.activpatrimonia.fr\/gespat\/index.php\/wp-json\/wp\/v2\/tags?post=1434"}],"curies":[{"name":"wp","href":"https:\/\/api.w.org\/{rel}","templated":true}]}}