{"id":204,"date":"2017-09-05T07:26:59","date_gmt":"2017-09-05T06:26:59","guid":{"rendered":"http:\/\/activpatrimonia.fr\/gespat\/?p=204"},"modified":"2022-01-21T09:09:48","modified_gmt":"2022-01-21T08:09:48","slug":"reforme-de-la-fiscalite-principales-mesures","status":"publish","type":"post","link":"https:\/\/www.activpatrimonia.fr\/gespat\/index.php\/2017\/09\/05\/reforme-de-la-fiscalite-principales-mesures\/","title":{"rendered":"R\u00e9forme de la fiscalit\u00e9 : principales mesures"},"content":{"rendered":"<p>Le ministre de l\u2019\u00c9conomie et des Finances a pr\u00e9sent\u00e9, mercredi 30 ao\u00fbt, les principales r\u00e9formes en mati\u00e8re fiscale qui seront appliqu\u00e9es durant le quinquennat, notamment en faveur des entreprises et des investisseurs.<\/p>\n<p><!--more--><\/p>\n<div class=\"field field-name-field-titre field-type-text field-label-hidden\">\n<div class=\"field-items \">\n<div class=\"field-item even first last\"><span style=\"color: #993300;\"><em><strong>LE PR\u00c9L\u00c8VEMENT UNIQUE FORFAIRE (PFU) OU \u00ab\u00a0FLAT TAX\u00a0\u00bb<\/strong><\/em><\/span><\/div>\n<\/div>\n<\/div>\n<div class=\"field field-name-field-texte field-type-text-long field-label-hidden prose\">\n<div class=\"field-items \">\n<div class=\"field-item even first last\"><span style=\"color: #993300;\"><strong>D\u00e8s le 1er janvier 2018, le Gouvernement mettra en place le PFU \u00e0 30 % (ou \u00ab\u00a0flat tax\u00a0\u00bb) pour tous les revenus du capital<\/strong>. <span style=\"color: #000000;\">Il permettra aux \u00e9pargnants de choisir plus simplement les produits d\u2019\u00e9pargne adapt\u00e9s \u00e0 leurs attentes. Pour autant, la fiscalit\u00e9 de l\u2019\u00e9pargne salariale ne sera pas modifi\u00e9e.<\/span><\/span><br \/>\n<span style=\"color: #993300;\">\u00a0<\/span><br \/>\n<span style=\"color: #993300;\"><strong>Concernant l\u2019assurance-vie, le PFU s\u2019appliquera seulement aux produits des nouveaux versements au-del\u00e0 d\u2019un seuil de 150\u00a0000 \u20ac d\u2019encours total<\/strong>\u00a0<span style=\"color: #000000;\">(300 000 \u20ac pour un couple), tous contrats d\u2019assurance-vie confondus, ce qui concerne moins de 10 % des assur\u00e9s. Cependant, tous les versements faits ant\u00e9rieurement \u00e0 la r\u00e9forme demeureront \u00e9ligibles \u00e0 la fiscalit\u00e9 actuelle, m\u00eame si ces versements d\u00e9passent 150 000 \u20ac. Pour les contrats d\u2019un total de moins de 150 000 euros d\u2019encours (97 % des contrats d\u2019assurance vie), le taux r\u00e9duit d\u2019imposition actuel apr\u00e8s 8 ann\u00e9es de d\u00e9tention (7,5%) sera conserv\u00e9, tout comme le b\u00e9n\u00e9fice des abattements.<\/span><\/span><\/div>\n<div><\/div>\n<\/div>\n<\/div>\n<div>\n<hr \/>\n<\/div>\n<ul>\n<li><strong>Remplacer l\u2019imp\u00f4t sur la fortune (ISF) par in imp\u00f4t sur le patrimoine immobilier<\/strong>\u00a0: cette mesure vise \u00e0 attirer les investisseurs pour d\u00e9velopper les entreprises fran\u00e7aises, ainsi qu\u2019enrayer la fuite des talents. L\u2019immobilier comme outil de travail restera exon\u00e9r\u00e9 de toute imposition.<\/li>\n<li><strong>Baisser l\u2019imp\u00f4t sur les soci\u00e9t\u00e9s \u00e0 25% d\u2019ici 2022<\/strong>\u00a0: cet imp\u00f4t est aujourd\u2019hui de 33,3% et sera diminu\u00e9 progressivement d\u00e8s 2018\u00a0: \u00ab\u00a0Nous commencerons avec un taux de 28 % d\u00e8s 2018 sur la fraction de b\u00e9n\u00e9fices inf\u00e9rieure \u00e0 500 000 \u20ac. Nous baisserons le taux \u00e0 31 % pour tous les b\u00e9n\u00e9fices \u00e0 partir de 2019 tout en maintenant le taux de 28 % pour les b\u00e9n\u00e9fices inf\u00e9rieurs \u00e0 500 000 \u20ac. Ce sera ensuite 28 % en 2020 pour tous les b\u00e9n\u00e9fices, 26,5 % en 2021 et 25 % en 2022\u00a0\u00bb\u00a0a pr\u00e9cis\u00e9 le ministre de l\u2019\u00c9conomie et des Finances.<\/li>\n<li><strong>Transformer le CICE en all\u00e8gement de charges direct en 2019<\/strong>\u00a0: cela garantira aux entreprises fran\u00e7aises la p\u00e9rennit\u00e9 de la baisse des charges et leur donnera la visibilit\u00e9 dont elles ont besoin sur le long terme.<\/li>\n<li><strong>Maintenir les dispositifs de soutien \u00e0 la recherche<\/strong>, en particulier le cr\u00e9dit d\u2019imp\u00f4t recherche.<\/li>\n<li><strong>Alimenter un fonds de 10 milliards d\u2019euros pour l\u2019innovation de rupture<\/strong>, en c\u00e9dant des participations de l\u2019\u00c9tat dans des entreprises du secteur concurrentiel, d\u00e8s les prochaines semaines. Cette avanc\u00e9e permettra d\u2019acc\u00e9l\u00e9rer la transformation \u00e9conomique de notre pays.<\/li>\n<\/ul>\n","protected":false},"excerpt":{"rendered":"<p>Le ministre de l\u2019\u00c9conomie et des Finances a pr\u00e9sent\u00e9, mercredi 30 ao\u00fbt, les principales r\u00e9formes en mati\u00e8re fiscale qui seront appliqu\u00e9es durant le quinquennat, notamment en faveur des entreprises et des investisseurs.<\/p>\n","protected":false},"author":1,"featured_media":0,"comment_status":"closed","ping_status":"closed","sticky":false,"template":"","format":"standard","meta":{"footnotes":""},"categories":[7,3],"tags":[24,12,21],"class_list":["post-204","post","type-post","status-publish","format-standard","hentry","category-fiscalite-des-entreprises","category-fiscalite-du-particulier","tag-assurance-vie","tag-impot","tag-loi-de-finance"],"_links":{"self":[{"href":"https:\/\/www.activpatrimonia.fr\/gespat\/index.php\/wp-json\/wp\/v2\/posts\/204","targetHints":{"allow":["GET"]}}],"collection":[{"href":"https:\/\/www.activpatrimonia.fr\/gespat\/index.php\/wp-json\/wp\/v2\/posts"}],"about":[{"href":"https:\/\/www.activpatrimonia.fr\/gespat\/index.php\/wp-json\/wp\/v2\/types\/post"}],"author":[{"embeddable":true,"href":"https:\/\/www.activpatrimonia.fr\/gespat\/index.php\/wp-json\/wp\/v2\/users\/1"}],"replies":[{"embeddable":true,"href":"https:\/\/www.activpatrimonia.fr\/gespat\/index.php\/wp-json\/wp\/v2\/comments?post=204"}],"version-history":[{"count":5,"href":"https:\/\/www.activpatrimonia.fr\/gespat\/index.php\/wp-json\/wp\/v2\/posts\/204\/revisions"}],"predecessor-version":[{"id":209,"href":"https:\/\/www.activpatrimonia.fr\/gespat\/index.php\/wp-json\/wp\/v2\/posts\/204\/revisions\/209"}],"wp:attachment":[{"href":"https:\/\/www.activpatrimonia.fr\/gespat\/index.php\/wp-json\/wp\/v2\/media?parent=204"}],"wp:term":[{"taxonomy":"category","embeddable":true,"href":"https:\/\/www.activpatrimonia.fr\/gespat\/index.php\/wp-json\/wp\/v2\/categories?post=204"},{"taxonomy":"post_tag","embeddable":true,"href":"https:\/\/www.activpatrimonia.fr\/gespat\/index.php\/wp-json\/wp\/v2\/tags?post=204"}],"curies":[{"name":"wp","href":"https:\/\/api.w.org\/{rel}","templated":true}]}}