{"id":310,"date":"2018-01-23T16:50:28","date_gmt":"2018-01-23T15:50:28","guid":{"rendered":"http:\/\/activpatrimonia.fr\/gespat\/?p=310"},"modified":"2022-01-21T09:09:22","modified_gmt":"2022-01-21T08:09:22","slug":"assurance-emprunteur-le-principe-de-la-resiliation-annuelle-valide","status":"publish","type":"post","link":"https:\/\/www.activpatrimonia.fr\/gespat\/index.php\/2018\/01\/23\/assurance-emprunteur-le-principe-de-la-resiliation-annuelle-valide\/","title":{"rendered":"Assurance emprunteur : le principe de la r\u00e9siliation annuelle valid\u00e9"},"content":{"rendered":"<p>Le Conseil Constitutionnel a valid\u00e9 le 12 janvier 2018 le principe de la r\u00e9siliation annuelle, introduite par la loi Sapin 2 et l\u2019amendement Bourquin.<\/p>\n<p><!--more--><\/p>\n<p>Il est donc d\u00e9sormais possible de r\u00e9silier son assurance de pr\u00eat immobilier tous les ans \u00e0 la date anniversaire du contrat.<br \/>\nCe principe s\u2019applique \u00e0 tous les assur\u00e9s ayant d\u00e9j\u00e0 un contrat d\u2019assurance au 01\/01\/2018, et \u00e0 tous les assur\u00e9s qui souscriront un contrat dans le futur.<\/p>\n<p>Mais qu&rsquo;entend t-on par la date anniversaire du contrat ? date de signature de l&rsquo;offre, date de r\u00e9alisation du pr\u00eat ou bien le 1er janvier pour les assurances dites \u00ab\u00a0assurance Groupe\u00a0\u00bb ?<\/p>\n<p>La r\u00e9ponse est loin d&rsquo;\u00eatre formelle, il faudra donc attendre la r\u00e9ponse des banques lors des premi\u00e8res demande de r\u00e9siliation.<\/p>\n<p>Vous pouvez r\u00e9aliser de s\u00e9rieuses \u00e9conomie :<\/p>\n<blockquote><p>L\u2019assurance de pr\u00eat peut repr\u00e9senter jusqu\u2019\u00e0 40% du co\u00fbt global d\u2019un pr\u00eat immobilier.<br \/>\n<strong>Selon les montants emprunt\u00e9s, les \u00e9conomies r\u00e9alis\u00e9es en ren\u00e9gociant son assurance se chiffrent en milliers d\u2019euros, et peuvent atteindre 10&nbsp;000 \u20ac.<\/strong><\/p><\/blockquote>\n<p>&nbsp;<\/p>\n<p>Mais attention \u00e0 votre situation actuelle par rapport \u00e0 votre situation initiale (sant\u00e9, statut,&#8230;..).<\/p>\n<p>Seul un conseil avis\u00e9 pourra vous \u00e9clairer. Demandez une \u00e9tude de votre situation <a href=\"https:\/\/activpatrimonia.fr\/gespat\/index.php\/formulaire-de-contact\/\">ici<\/a><\/p>\n","protected":false},"excerpt":{"rendered":"<p>Le Conseil Constitutionnel a valid\u00e9 le 12 janvier 2018 le principe de la r\u00e9siliation annuelle, introduite par la loi Sapin 2 et l\u2019amendement Bourquin.<\/p>\n","protected":false},"author":1,"featured_media":0,"comment_status":"closed","ping_status":"closed","sticky":false,"template":"","format":"standard","meta":{"footnotes":""},"categories":[25,2],"tags":[],"class_list":["post-310","post","type-post","status-publish","format-standard","hentry","category-credit-immobilier","category-immobilier"],"_links":{"self":[{"href":"https:\/\/www.activpatrimonia.fr\/gespat\/index.php\/wp-json\/wp\/v2\/posts\/310","targetHints":{"allow":["GET"]}}],"collection":[{"href":"https:\/\/www.activpatrimonia.fr\/gespat\/index.php\/wp-json\/wp\/v2\/posts"}],"about":[{"href":"https:\/\/www.activpatrimonia.fr\/gespat\/index.php\/wp-json\/wp\/v2\/types\/post"}],"author":[{"embeddable":true,"href":"https:\/\/www.activpatrimonia.fr\/gespat\/index.php\/wp-json\/wp\/v2\/users\/1"}],"replies":[{"embeddable":true,"href":"https:\/\/www.activpatrimonia.fr\/gespat\/index.php\/wp-json\/wp\/v2\/comments?post=310"}],"version-history":[{"count":3,"href":"https:\/\/www.activpatrimonia.fr\/gespat\/index.php\/wp-json\/wp\/v2\/posts\/310\/revisions"}],"predecessor-version":[{"id":1254,"href":"https:\/\/www.activpatrimonia.fr\/gespat\/index.php\/wp-json\/wp\/v2\/posts\/310\/revisions\/1254"}],"wp:attachment":[{"href":"https:\/\/www.activpatrimonia.fr\/gespat\/index.php\/wp-json\/wp\/v2\/media?parent=310"}],"wp:term":[{"taxonomy":"category","embeddable":true,"href":"https:\/\/www.activpatrimonia.fr\/gespat\/index.php\/wp-json\/wp\/v2\/categories?post=310"},{"taxonomy":"post_tag","embeddable":true,"href":"https:\/\/www.activpatrimonia.fr\/gespat\/index.php\/wp-json\/wp\/v2\/tags?post=310"}],"curies":[{"name":"wp","href":"https:\/\/api.w.org\/{rel}","templated":true}]}}